{"id":2190,"date":"2023-03-20T09:59:11","date_gmt":"2023-03-20T08:59:11","guid":{"rendered":"http:\/\/elangr-chevilly.fr\/?p=2190"},"modified":"2023-03-22T10:01:58","modified_gmt":"2023-03-22T09:01:58","slug":"resultats-competition-interdepartementale-tfa-et-regionale","status":"publish","type":"post","link":"https:\/\/elangr-chevilly.fr\/index.php\/2023\/03\/20\/resultats-competition-interdepartementale-tfa-et-regionale\/","title":{"rendered":"R\u00e9sultats Comp\u00e9tition Interd\u00e9partementale TFA et R\u00e9gionale"},"content":{"rendered":"<p>Retour sur les r\u00e9sultats de la comp\u00e9tition interd\u00e9partementale \u00e0 Chevilly-Larue:<\/p>\n<p>&#8211; Trio r\u00e9gional TC : 13\u00e8me<br \/>\n&#8211; Duo F\u00e9deral TC : 6\u00e8me<br \/>\n&#8211; R\u00e9gionale 13- : 16\u00e8me<br \/>\n&#8211; TFA 15- : 10\u00e8me<br \/>\n&#8211; TFA TC : 16\u00e8me<\/p>\n<p>Maleureusement, de nombreuses erreurs lors des passages qui ont co\u00fbt\u00e9 cher&#8230;<\/p>\n<p>Merci aux entraineurs, juges et b\u00e9n\u00e9voles lors de ce week-end !\ud83d\ude4f\ud83d\ude0a<\/p>\n<p>On se retrouve le week-end du 15 et 16 Avril pour leur prochaine comp\u00e9tition \ud83d\udcaa\ud83c\udffb<\/p>\n\n\t\t<style type=\"text\/css\">\n\t\t\t#gallery-1 {\n\t\t\t\tmargin: auto;\n\t\t\t}\n\t\t\t#gallery-1 .gallery-item {\n\t\t\t\tfloat: left;\n\t\t\t\tmargin-top: 10px;\n\t\t\t\ttext-align: center;\n\t\t\t\twidth: 33%;\n\t\t\t}\n\t\t\t#gallery-1 img {\n\t\t\t\tborder: 2px solid #cfcfcf;\n\t\t\t}\n\t\t\t#gallery-1 .gallery-caption {\n\t\t\t\tmargin-left: 0;\n\t\t\t}\n\t\t\t\/* see gallery_shortcode() in wp-includes\/media.php *\/\n\t\t<\/style>\n\t\t<div id='gallery-1' class='gallery galleryid-2190 gallery-columns-3 gallery-size-thumbnail'><dl class='gallery-item'>\n\t\t\t<dt class='gallery-icon landscape'>\n\t\t\t\t<a href='https:\/\/elangr-chevilly.fr\/index.php\/2023\/03\/20\/resultats-competition-interdepartementale-tfa-et-regionale\/336314612_748756283509024_5404676039718537051_n\/'><img width=\"150\" height=\"150\" src=\"https:\/\/elangr-chevilly.fr\/wp-content\/uploads\/2023\/03\/336314612_748756283509024_5404676039718537051_n-150x150.jpg\" class=\"attachment-thumbnail size-thumbnail\" alt=\"\" decoding=\"async\" loading=\"lazy\" srcset=\"https:\/\/elangr-chevilly.fr\/wp-content\/uploads\/2023\/03\/336314612_748756283509024_5404676039718537051_n-150x150.jpg 150w, https:\/\/elangr-chevilly.fr\/wp-content\/uploads\/2023\/03\/336314612_748756283509024_5404676039718537051_n-300x300.jpg 300w, https:\/\/elangr-chevilly.fr\/wp-content\/uploads\/2023\/03\/336314612_748756283509024_5404676039718537051_n-768x768.jpg 768w, https:\/\/elangr-chevilly.fr\/wp-content\/uploads\/2023\/03\/336314612_748756283509024_5404676039718537051_n-1024x1024.jpg 1024w, https:\/\/elangr-chevilly.fr\/wp-content\/uploads\/2023\/03\/336314612_748756283509024_5404676039718537051_n.jpg 1368w\" sizes=\"(max-width: 150px) 100vw, 150px\" \/><\/a>\n\t\t\t<\/dt><\/dl><dl class='gallery-item'>\n\t\t\t<dt class='gallery-icon landscape'>\n\t\t\t\t<a href='https:\/\/elangr-chevilly.fr\/index.php\/2023\/03\/20\/resultats-competition-interdepartementale-tfa-et-regionale\/336490946_930962871244777_5310249267716907469_n\/'><img width=\"150\" height=\"150\" src=\"https:\/\/elangr-chevilly.fr\/wp-content\/uploads\/2023\/03\/336490946_930962871244777_5310249267716907469_n-150x150.jpg\" class=\"attachment-thumbnail size-thumbnail\" alt=\"\" decoding=\"async\" loading=\"lazy\" srcset=\"https:\/\/elangr-chevilly.fr\/wp-content\/uploads\/2023\/03\/336490946_930962871244777_5310249267716907469_n-150x150.jpg 150w, https:\/\/elangr-chevilly.fr\/wp-content\/uploads\/2023\/03\/336490946_930962871244777_5310249267716907469_n-300x300.jpg 300w, https:\/\/elangr-chevilly.fr\/wp-content\/uploads\/2023\/03\/336490946_930962871244777_5310249267716907469_n-768x768.jpg 768w, https:\/\/elangr-chevilly.fr\/wp-content\/uploads\/2023\/03\/336490946_930962871244777_5310249267716907469_n-1024x1024.jpg 1024w, https:\/\/elangr-chevilly.fr\/wp-content\/uploads\/2023\/03\/336490946_930962871244777_5310249267716907469_n.jpg 1368w\" sizes=\"(max-width: 150px) 100vw, 150px\" \/><\/a>\n\t\t\t<\/dt><\/dl><dl class='gallery-item'>\n\t\t\t<dt class='gallery-icon landscape'>\n\t\t\t\t<a href='https:\/\/elangr-chevilly.fr\/index.php\/2023\/03\/20\/resultats-competition-interdepartementale-tfa-et-regionale\/336500292_766211931588132_8865311281114809928_n\/'><img width=\"150\" height=\"150\" src=\"https:\/\/elangr-chevilly.fr\/wp-content\/uploads\/2023\/03\/336500292_766211931588132_8865311281114809928_n-150x150.jpg\" class=\"attachment-thumbnail size-thumbnail\" alt=\"\" decoding=\"async\" loading=\"lazy\" srcset=\"https:\/\/elangr-chevilly.fr\/wp-content\/uploads\/2023\/03\/336500292_766211931588132_8865311281114809928_n-150x150.jpg 150w, https:\/\/elangr-chevilly.fr\/wp-content\/uploads\/2023\/03\/336500292_766211931588132_8865311281114809928_n-300x300.jpg 300w, https:\/\/elangr-chevilly.fr\/wp-content\/uploads\/2023\/03\/336500292_766211931588132_8865311281114809928_n-768x768.jpg 768w, https:\/\/elangr-chevilly.fr\/wp-content\/uploads\/2023\/03\/336500292_766211931588132_8865311281114809928_n-1024x1024.jpg 1024w, https:\/\/elangr-chevilly.fr\/wp-content\/uploads\/2023\/03\/336500292_766211931588132_8865311281114809928_n.jpg 1440w\" sizes=\"(max-width: 150px) 100vw, 150px\" \/><\/a>\n\t\t\t<\/dt><\/dl><br style=\"clear: both\" \/><dl class='gallery-item'>\n\t\t\t<dt class='gallery-icon landscape'>\n\t\t\t\t<a href='https:\/\/elangr-chevilly.fr\/index.php\/2023\/03\/20\/resultats-competition-interdepartementale-tfa-et-regionale\/336507890_118829597779106_1532246920267550971_n\/'><img width=\"150\" height=\"150\" src=\"https:\/\/elangr-chevilly.fr\/wp-content\/uploads\/2023\/03\/336507890_118829597779106_1532246920267550971_n-150x150.jpg\" class=\"attachment-thumbnail size-thumbnail\" alt=\"\" decoding=\"async\" loading=\"lazy\" srcset=\"https:\/\/elangr-chevilly.fr\/wp-content\/uploads\/2023\/03\/336507890_118829597779106_1532246920267550971_n-150x150.jpg 150w, https:\/\/elangr-chevilly.fr\/wp-content\/uploads\/2023\/03\/336507890_118829597779106_1532246920267550971_n-300x300.jpg 300w, https:\/\/elangr-chevilly.fr\/wp-content\/uploads\/2023\/03\/336507890_118829597779106_1532246920267550971_n-768x768.jpg 768w, https:\/\/elangr-chevilly.fr\/wp-content\/uploads\/2023\/03\/336507890_118829597779106_1532246920267550971_n-1024x1024.jpg 1024w, https:\/\/elangr-chevilly.fr\/wp-content\/uploads\/2023\/03\/336507890_118829597779106_1532246920267550971_n.jpg 1200w\" sizes=\"(max-width: 150px) 100vw, 150px\" \/><\/a>\n\t\t\t<\/dt><\/dl><dl class='gallery-item'>\n\t\t\t<dt class='gallery-icon landscape'>\n\t\t\t\t<a href='https:\/\/elangr-chevilly.fr\/index.php\/2023\/03\/20\/resultats-competition-interdepartementale-tfa-et-regionale\/336512653_523252836665942_5485085518447141721_n\/'><img width=\"150\" height=\"150\" src=\"https:\/\/elangr-chevilly.fr\/wp-content\/uploads\/2023\/03\/336512653_523252836665942_5485085518447141721_n-150x150.jpg\" class=\"attachment-thumbnail size-thumbnail\" alt=\"\" decoding=\"async\" loading=\"lazy\" srcset=\"https:\/\/elangr-chevilly.fr\/wp-content\/uploads\/2023\/03\/336512653_523252836665942_5485085518447141721_n-150x150.jpg 150w, https:\/\/elangr-chevilly.fr\/wp-content\/uploads\/2023\/03\/336512653_523252836665942_5485085518447141721_n-300x300.jpg 300w, https:\/\/elangr-chevilly.fr\/wp-content\/uploads\/2023\/03\/336512653_523252836665942_5485085518447141721_n-768x768.jpg 768w, https:\/\/elangr-chevilly.fr\/wp-content\/uploads\/2023\/03\/336512653_523252836665942_5485085518447141721_n-1024x1024.jpg 1024w, https:\/\/elangr-chevilly.fr\/wp-content\/uploads\/2023\/03\/336512653_523252836665942_5485085518447141721_n.jpg 1440w\" sizes=\"(max-width: 150px) 100vw, 150px\" \/><\/a>\n\t\t\t<\/dt><\/dl><dl class='gallery-item'>\n\t\t\t<dt class='gallery-icon landscape'>\n\t\t\t\t<a href='https:\/\/elangr-chevilly.fr\/index.php\/2023\/03\/20\/resultats-competition-interdepartementale-tfa-et-regionale\/336513507_513764834062132_6310726594949331267_n\/'><img width=\"150\" height=\"150\" src=\"https:\/\/elangr-chevilly.fr\/wp-content\/uploads\/2023\/03\/336513507_513764834062132_6310726594949331267_n-150x150.jpg\" class=\"attachment-thumbnail size-thumbnail\" alt=\"\" decoding=\"async\" loading=\"lazy\" srcset=\"https:\/\/elangr-chevilly.fr\/wp-content\/uploads\/2023\/03\/336513507_513764834062132_6310726594949331267_n-150x150.jpg 150w, https:\/\/elangr-chevilly.fr\/wp-content\/uploads\/2023\/03\/336513507_513764834062132_6310726594949331267_n-300x300.jpg 300w, https:\/\/elangr-chevilly.fr\/wp-content\/uploads\/2023\/03\/336513507_513764834062132_6310726594949331267_n-768x768.jpg 768w, https:\/\/elangr-chevilly.fr\/wp-content\/uploads\/2023\/03\/336513507_513764834062132_6310726594949331267_n-1024x1024.jpg 1024w, https:\/\/elangr-chevilly.fr\/wp-content\/uploads\/2023\/03\/336513507_513764834062132_6310726594949331267_n.jpg 1200w\" sizes=\"(max-width: 150px) 100vw, 150px\" \/><\/a>\n\t\t\t<\/dt><\/dl><br style=\"clear: both\" \/><dl class='gallery-item'>\n\t\t\t<dt class='gallery-icon landscape'>\n\t\t\t\t<a href='https:\/\/elangr-chevilly.fr\/index.php\/2023\/03\/20\/resultats-competition-interdepartementale-tfa-et-regionale\/336579591_6093224000739297_3135372425964688274_n\/'><img width=\"150\" height=\"150\" src=\"https:\/\/elangr-chevilly.fr\/wp-content\/uploads\/2023\/03\/336579591_6093224000739297_3135372425964688274_n-150x150.jpg\" class=\"attachment-thumbnail size-thumbnail\" alt=\"\" decoding=\"async\" loading=\"lazy\" srcset=\"https:\/\/elangr-chevilly.fr\/wp-content\/uploads\/2023\/03\/336579591_6093224000739297_3135372425964688274_n-150x150.jpg 150w, https:\/\/elangr-chevilly.fr\/wp-content\/uploads\/2023\/03\/336579591_6093224000739297_3135372425964688274_n-300x300.jpg 300w, https:\/\/elangr-chevilly.fr\/wp-content\/uploads\/2023\/03\/336579591_6093224000739297_3135372425964688274_n-768x768.jpg 768w, https:\/\/elangr-chevilly.fr\/wp-content\/uploads\/2023\/03\/336579591_6093224000739297_3135372425964688274_n-1024x1024.jpg 1024w, https:\/\/elangr-chevilly.fr\/wp-content\/uploads\/2023\/03\/336579591_6093224000739297_3135372425964688274_n.jpg 1200w\" sizes=\"(max-width: 150px) 100vw, 150px\" \/><\/a>\n\t\t\t<\/dt><\/dl><dl class='gallery-item'>\n\t\t\t<dt class='gallery-icon landscape'>\n\t\t\t\t<a href='https:\/\/elangr-chevilly.fr\/index.php\/2023\/03\/20\/resultats-competition-interdepartementale-tfa-et-regionale\/336814208_204555898858587_6678354809689680498_n\/'><img width=\"150\" height=\"150\" src=\"https:\/\/elangr-chevilly.fr\/wp-content\/uploads\/2023\/03\/336814208_204555898858587_6678354809689680498_n-150x150.jpg\" class=\"attachment-thumbnail size-thumbnail\" alt=\"\" decoding=\"async\" loading=\"lazy\" srcset=\"https:\/\/elangr-chevilly.fr\/wp-content\/uploads\/2023\/03\/336814208_204555898858587_6678354809689680498_n-150x150.jpg 150w, https:\/\/elangr-chevilly.fr\/wp-content\/uploads\/2023\/03\/336814208_204555898858587_6678354809689680498_n-300x300.jpg 300w, https:\/\/elangr-chevilly.fr\/wp-content\/uploads\/2023\/03\/336814208_204555898858587_6678354809689680498_n-768x768.jpg 768w, https:\/\/elangr-chevilly.fr\/wp-content\/uploads\/2023\/03\/336814208_204555898858587_6678354809689680498_n-1024x1024.jpg 1024w, https:\/\/elangr-chevilly.fr\/wp-content\/uploads\/2023\/03\/336814208_204555898858587_6678354809689680498_n.jpg 1440w\" sizes=\"(max-width: 150px) 100vw, 150px\" \/><\/a>\n\t\t\t<\/dt><\/dl><dl class='gallery-item'>\n\t\t\t<dt class='gallery-icon landscape'>\n\t\t\t\t<a href='https:\/\/elangr-chevilly.fr\/index.php\/2023\/03\/20\/resultats-competition-interdepartementale-tfa-et-regionale\/336933765_1255539595048656_7744432178871715973_n\/'><img width=\"150\" height=\"150\" src=\"https:\/\/elangr-chevilly.fr\/wp-content\/uploads\/2023\/03\/336933765_1255539595048656_7744432178871715973_n-150x150.jpg\" class=\"attachment-thumbnail size-thumbnail\" alt=\"\" decoding=\"async\" loading=\"lazy\" srcset=\"https:\/\/elangr-chevilly.fr\/wp-content\/uploads\/2023\/03\/336933765_1255539595048656_7744432178871715973_n-150x150.jpg 150w, https:\/\/elangr-chevilly.fr\/wp-content\/uploads\/2023\/03\/336933765_1255539595048656_7744432178871715973_n-300x300.jpg 300w, https:\/\/elangr-chevilly.fr\/wp-content\/uploads\/2023\/03\/336933765_1255539595048656_7744432178871715973_n-768x768.jpg 768w, https:\/\/elangr-chevilly.fr\/wp-content\/uploads\/2023\/03\/336933765_1255539595048656_7744432178871715973_n-1024x1024.jpg 1024w, https:\/\/elangr-chevilly.fr\/wp-content\/uploads\/2023\/03\/336933765_1255539595048656_7744432178871715973_n.jpg 1197w\" sizes=\"(max-width: 150px) 100vw, 150px\" \/><\/a>\n\t\t\t<\/dt><\/dl><br style=\"clear: both\" \/><dl class='gallery-item'>\n\t\t\t<dt class='gallery-icon landscape'>\n\t\t\t\t<a href='https:\/\/elangr-chevilly.fr\/index.php\/2023\/03\/20\/resultats-competition-interdepartementale-tfa-et-regionale\/336969805_761279245590932_4021853498741489752_n\/'><img width=\"150\" height=\"150\" src=\"https:\/\/elangr-chevilly.fr\/wp-content\/uploads\/2023\/03\/336969805_761279245590932_4021853498741489752_n-150x150.jpg\" class=\"attachment-thumbnail size-thumbnail\" alt=\"\" decoding=\"async\" loading=\"lazy\" srcset=\"https:\/\/elangr-chevilly.fr\/wp-content\/uploads\/2023\/03\/336969805_761279245590932_4021853498741489752_n-150x150.jpg 150w, https:\/\/elangr-chevilly.fr\/wp-content\/uploads\/2023\/03\/336969805_761279245590932_4021853498741489752_n-300x300.jpg 300w, https:\/\/elangr-chevilly.fr\/wp-content\/uploads\/2023\/03\/336969805_761279245590932_4021853498741489752_n-768x768.jpg 768w, https:\/\/elangr-chevilly.fr\/wp-content\/uploads\/2023\/03\/336969805_761279245590932_4021853498741489752_n-1024x1024.jpg 1024w, https:\/\/elangr-chevilly.fr\/wp-content\/uploads\/2023\/03\/336969805_761279245590932_4021853498741489752_n.jpg 1440w\" sizes=\"(max-width: 150px) 100vw, 150px\" \/><\/a>\n\t\t\t<\/dt><\/dl>\n\t\t\t<br style='clear: both' \/>\n\t\t<\/div>\n\n","protected":false},"excerpt":{"rendered":"<p>Retour sur les r\u00e9sultats de la comp\u00e9tition interd\u00e9partementale \u00e0 Chevilly-Larue: &#8211; Trio r\u00e9gional TC : 13\u00e8me &#8211; Duo F\u00e9deral TC : 6\u00e8me &#8211; R\u00e9gionale 13- : 16\u00e8me &#8211; TFA 15- : 10\u00e8me &#8211; TFA TC : 16\u00e8me Maleureusement, de nombreuses erreurs lors des passages qui ont co\u00fbt\u00e9 cher&#8230; Merci aux entraineurs, juges et b\u00e9n\u00e9voles lors\u2026<\/p>\n","protected":false},"author":1,"featured_media":2192,"comment_status":"open","ping_status":"open","sticky":false,"template":"","format":"standard","meta":{"footnotes":""},"categories":[1],"tags":[],"_links":{"self":[{"href":"https:\/\/elangr-chevilly.fr\/index.php\/wp-json\/wp\/v2\/posts\/2190"}],"collection":[{"href":"https:\/\/elangr-chevilly.fr\/index.php\/wp-json\/wp\/v2\/posts"}],"about":[{"href":"https:\/\/elangr-chevilly.fr\/index.php\/wp-json\/wp\/v2\/types\/post"}],"author":[{"embeddable":true,"href":"https:\/\/elangr-chevilly.fr\/index.php\/wp-json\/wp\/v2\/users\/1"}],"replies":[{"embeddable":true,"href":"https:\/\/elangr-chevilly.fr\/index.php\/wp-json\/wp\/v2\/comments?post=2190"}],"version-history":[{"count":1,"href":"https:\/\/elangr-chevilly.fr\/index.php\/wp-json\/wp\/v2\/posts\/2190\/revisions"}],"predecessor-version":[{"id":2201,"href":"https:\/\/elangr-chevilly.fr\/index.php\/wp-json\/wp\/v2\/posts\/2190\/revisions\/2201"}],"wp:featuredmedia":[{"embeddable":true,"href":"https:\/\/elangr-chevilly.fr\/index.php\/wp-json\/wp\/v2\/media\/2192"}],"wp:attachment":[{"href":"https:\/\/elangr-chevilly.fr\/index.php\/wp-json\/wp\/v2\/media?parent=2190"}],"wp:term":[{"taxonomy":"category","embeddable":true,"href":"https:\/\/elangr-chevilly.fr\/index.php\/wp-json\/wp\/v2\/categories?post=2190"},{"taxonomy":"post_tag","embeddable":true,"href":"https:\/\/elangr-chevilly.fr\/index.php\/wp-json\/wp\/v2\/tags?post=2190"}],"curies":[{"name":"wp","href":"https:\/\/api.w.org\/{rel}","templated":true}]}}