{"id":2440,"date":"2023-12-18T10:02:29","date_gmt":"2023-12-18T09:02:29","guid":{"rendered":"https:\/\/elangr-chevilly.fr\/?p=2440"},"modified":"2023-12-25T10:06:40","modified_gmt":"2023-12-25T09:06:40","slug":"resultats-competition-regionale-2","status":"publish","type":"post","link":"https:\/\/elangr-chevilly.fr\/index.php\/2023\/12\/18\/resultats-competition-regionale-2\/","title":{"rendered":"R\u00e9sultats comp\u00e9tition r\u00e9gionale"},"content":{"rendered":"\n<p>Retour sur la comp\u00e9tition r\u00e9gionale individuelle de ce week-end:<\/p>\n\n\n\n<p>En F\u00e9d\u00e9rales 18 ans et +:<\/p>\n\n\n\n<ul>\n<li>Astrid termine 29\u00e8me<\/li>\n\n\n\n<li>M\u00e9line termine 40\u00e8me<\/li>\n<\/ul>\n\n\n\n<p>En F\u00e9d\u00e9rales 16-17:- Sol\u00e8ne termine 37\u00e8me<\/p>\n\n\n\n<p><div>Malheureusement, des erreurs qui ne pardonnent pas \u00e0 ce stade de la comp\u00e9tition.<\/div><\/p>\n\n\n\n<p><br>Bravo Sol\u00e8ne pour ton parcours jusqu\u2019en r\u00e9gion et ta belle progression.<br>Bravo les filles pour votre parcours jusqu\u2019en region.<\/p>\n\n\n\n<p>Merci aux juges, coachs et supporters \ud83d\ude0a<\/p>\n\n\n\n<p>On se retrouve en janvier pour le gala d\u2019hiver \u2744\ufe0f<\/p>\n\n\n\n<figure class=\"wp-block-gallery has-nested-images columns-default is-cropped wp-block-gallery-1 is-layout-flex wp-block-gallery-is-layout-flex\">\n<figure class=\"wp-block-image size-large\"><img decoding=\"async\" loading=\"lazy\" width=\"1024\" height=\"1024\" data-id=\"2442\" src=\"https:\/\/elangr-chevilly.fr\/wp-content\/uploads\/2023\/12\/FB_IMG_1703494854087-1024x1024.jpg\" alt=\"\" class=\"wp-image-2442\" srcset=\"https:\/\/elangr-chevilly.fr\/wp-content\/uploads\/2023\/12\/FB_IMG_1703494854087-1024x1024.jpg 1024w, https:\/\/elangr-chevilly.fr\/wp-content\/uploads\/2023\/12\/FB_IMG_1703494854087-300x300.jpg 300w, https:\/\/elangr-chevilly.fr\/wp-content\/uploads\/2023\/12\/FB_IMG_1703494854087-150x150.jpg 150w, https:\/\/elangr-chevilly.fr\/wp-content\/uploads\/2023\/12\/FB_IMG_1703494854087-768x768.jpg 768w, https:\/\/elangr-chevilly.fr\/wp-content\/uploads\/2023\/12\/FB_IMG_1703494854087.jpg 1080w\" sizes=\"(max-width: 1024px) 100vw, 1024px\" \/><\/figure>\n\n\n\n<figure class=\"wp-block-image size-large\"><img decoding=\"async\" loading=\"lazy\" width=\"1024\" height=\"1024\" data-id=\"2441\" src=\"https:\/\/elangr-chevilly.fr\/wp-content\/uploads\/2023\/12\/FB_IMG_1703494851931-1024x1024.jpg\" alt=\"\" class=\"wp-image-2441\" srcset=\"https:\/\/elangr-chevilly.fr\/wp-content\/uploads\/2023\/12\/FB_IMG_1703494851931-1024x1024.jpg 1024w, https:\/\/elangr-chevilly.fr\/wp-content\/uploads\/2023\/12\/FB_IMG_1703494851931-300x300.jpg 300w, https:\/\/elangr-chevilly.fr\/wp-content\/uploads\/2023\/12\/FB_IMG_1703494851931-150x150.jpg 150w, https:\/\/elangr-chevilly.fr\/wp-content\/uploads\/2023\/12\/FB_IMG_1703494851931-768x768.jpg 768w, https:\/\/elangr-chevilly.fr\/wp-content\/uploads\/2023\/12\/FB_IMG_1703494851931.jpg 1080w\" sizes=\"(max-width: 1024px) 100vw, 1024px\" \/><\/figure>\n\n\n\n<figure class=\"wp-block-image size-large\"><img decoding=\"async\" loading=\"lazy\" width=\"1024\" height=\"1024\" data-id=\"2444\" src=\"https:\/\/elangr-chevilly.fr\/wp-content\/uploads\/2023\/12\/FB_IMG_1703494849581-1024x1024.jpg\" alt=\"\" class=\"wp-image-2444\" srcset=\"https:\/\/elangr-chevilly.fr\/wp-content\/uploads\/2023\/12\/FB_IMG_1703494849581-1024x1024.jpg 1024w, https:\/\/elangr-chevilly.fr\/wp-content\/uploads\/2023\/12\/FB_IMG_1703494849581-300x300.jpg 300w, https:\/\/elangr-chevilly.fr\/wp-content\/uploads\/2023\/12\/FB_IMG_1703494849581-150x150.jpg 150w, https:\/\/elangr-chevilly.fr\/wp-content\/uploads\/2023\/12\/FB_IMG_1703494849581-768x768.jpg 768w, https:\/\/elangr-chevilly.fr\/wp-content\/uploads\/2023\/12\/FB_IMG_1703494849581.jpg 1080w\" sizes=\"(max-width: 1024px) 100vw, 1024px\" \/><\/figure>\n\n\n\n<figure class=\"wp-block-image size-large\"><img decoding=\"async\" loading=\"lazy\" width=\"1024\" height=\"1024\" data-id=\"2443\" src=\"https:\/\/elangr-chevilly.fr\/wp-content\/uploads\/2023\/12\/FB_IMG_1703494846270-1024x1024.jpg\" alt=\"\" class=\"wp-image-2443\" srcset=\"https:\/\/elangr-chevilly.fr\/wp-content\/uploads\/2023\/12\/FB_IMG_1703494846270-1024x1024.jpg 1024w, https:\/\/elangr-chevilly.fr\/wp-content\/uploads\/2023\/12\/FB_IMG_1703494846270-300x300.jpg 300w, https:\/\/elangr-chevilly.fr\/wp-content\/uploads\/2023\/12\/FB_IMG_1703494846270-150x150.jpg 150w, https:\/\/elangr-chevilly.fr\/wp-content\/uploads\/2023\/12\/FB_IMG_1703494846270-768x768.jpg 768w, https:\/\/elangr-chevilly.fr\/wp-content\/uploads\/2023\/12\/FB_IMG_1703494846270.jpg 1080w\" sizes=\"(max-width: 1024px) 100vw, 1024px\" \/><\/figure>\n\n\n\n<figure class=\"wp-block-image size-large\"><img decoding=\"async\" loading=\"lazy\" width=\"1024\" height=\"1024\" data-id=\"2445\" src=\"https:\/\/elangr-chevilly.fr\/wp-content\/uploads\/2023\/12\/FB_IMG_1703494835760-1024x1024.jpg\" alt=\"\" class=\"wp-image-2445\" srcset=\"https:\/\/elangr-chevilly.fr\/wp-content\/uploads\/2023\/12\/FB_IMG_1703494835760-1024x1024.jpg 1024w, https:\/\/elangr-chevilly.fr\/wp-content\/uploads\/2023\/12\/FB_IMG_1703494835760-300x300.jpg 300w, https:\/\/elangr-chevilly.fr\/wp-content\/uploads\/2023\/12\/FB_IMG_1703494835760-150x150.jpg 150w, https:\/\/elangr-chevilly.fr\/wp-content\/uploads\/2023\/12\/FB_IMG_1703494835760-768x768.jpg 768w, https:\/\/elangr-chevilly.fr\/wp-content\/uploads\/2023\/12\/FB_IMG_1703494835760.jpg 1080w\" sizes=\"(max-width: 1024px) 100vw, 1024px\" \/><\/figure>\n\n\n\n<figure class=\"wp-block-image size-large\"><img decoding=\"async\" loading=\"lazy\" width=\"1024\" height=\"1024\" data-id=\"2446\" src=\"https:\/\/elangr-chevilly.fr\/wp-content\/uploads\/2023\/12\/FB_IMG_1703494833219-1024x1024.jpg\" alt=\"\" class=\"wp-image-2446\" srcset=\"https:\/\/elangr-chevilly.fr\/wp-content\/uploads\/2023\/12\/FB_IMG_1703494833219-1024x1024.jpg 1024w, https:\/\/elangr-chevilly.fr\/wp-content\/uploads\/2023\/12\/FB_IMG_1703494833219-300x300.jpg 300w, https:\/\/elangr-chevilly.fr\/wp-content\/uploads\/2023\/12\/FB_IMG_1703494833219-150x150.jpg 150w, https:\/\/elangr-chevilly.fr\/wp-content\/uploads\/2023\/12\/FB_IMG_1703494833219-768x767.jpg 768w, https:\/\/elangr-chevilly.fr\/wp-content\/uploads\/2023\/12\/FB_IMG_1703494833219.jpg 1080w\" sizes=\"(max-width: 1024px) 100vw, 1024px\" \/><\/figure>\n<\/figure>\n","protected":false},"excerpt":{"rendered":"<p>Retour sur la comp\u00e9tition r\u00e9gionale individuelle de ce week-end: En F\u00e9d\u00e9rales 18 ans et +: En F\u00e9d\u00e9rales 16-17:- Sol\u00e8ne termine 37\u00e8me Malheureusement, des erreurs qui ne pardonnent pas \u00e0 ce stade de la comp\u00e9tition. Bravo Sol\u00e8ne pour ton parcours jusqu\u2019en r\u00e9gion et ta belle progression.Bravo les filles pour votre parcours jusqu\u2019en region. Merci aux juges,\u2026<\/p>\n","protected":false},"author":1,"featured_media":2441,"comment_status":"open","ping_status":"open","sticky":false,"template":"","format":"standard","meta":{"footnotes":""},"categories":[1],"tags":[],"_links":{"self":[{"href":"https:\/\/elangr-chevilly.fr\/index.php\/wp-json\/wp\/v2\/posts\/2440"}],"collection":[{"href":"https:\/\/elangr-chevilly.fr\/index.php\/wp-json\/wp\/v2\/posts"}],"about":[{"href":"https:\/\/elangr-chevilly.fr\/index.php\/wp-json\/wp\/v2\/types\/post"}],"author":[{"embeddable":true,"href":"https:\/\/elangr-chevilly.fr\/index.php\/wp-json\/wp\/v2\/users\/1"}],"replies":[{"embeddable":true,"href":"https:\/\/elangr-chevilly.fr\/index.php\/wp-json\/wp\/v2\/comments?post=2440"}],"version-history":[{"count":1,"href":"https:\/\/elangr-chevilly.fr\/index.php\/wp-json\/wp\/v2\/posts\/2440\/revisions"}],"predecessor-version":[{"id":2447,"href":"https:\/\/elangr-chevilly.fr\/index.php\/wp-json\/wp\/v2\/posts\/2440\/revisions\/2447"}],"wp:featuredmedia":[{"embeddable":true,"href":"https:\/\/elangr-chevilly.fr\/index.php\/wp-json\/wp\/v2\/media\/2441"}],"wp:attachment":[{"href":"https:\/\/elangr-chevilly.fr\/index.php\/wp-json\/wp\/v2\/media?parent=2440"}],"wp:term":[{"taxonomy":"category","embeddable":true,"href":"https:\/\/elangr-chevilly.fr\/index.php\/wp-json\/wp\/v2\/categories?post=2440"},{"taxonomy":"post_tag","embeddable":true,"href":"https:\/\/elangr-chevilly.fr\/index.php\/wp-json\/wp\/v2\/tags?post=2440"}],"curies":[{"name":"wp","href":"https:\/\/api.w.org\/{rel}","templated":true}]}}