{"id":2669,"date":"2024-09-02T12:05:17","date_gmt":"2024-09-02T10:05:17","guid":{"rendered":"https:\/\/elangr-chevilly.fr\/?p=2669"},"modified":"2024-09-28T12:05:25","modified_gmt":"2024-09-28T10:05:25","slug":"forum-des-sports-2024","status":"publish","type":"post","link":"https:\/\/elangr-chevilly.fr\/index.php\/2024\/09\/02\/forum-des-sports-2024\/","title":{"rendered":"Forum des sports 2024"},"content":{"rendered":"\n<p><img decoding=\"async\" loading=\"lazy\" height=\"16\" width=\"16\" alt=\"\ud83c\udf89\" src=\"https:\/\/static.xx.fbcdn.net\/images\/emoji.php\/v9\/t8c\/1\/16\/1f389.png\">&nbsp;C\u2019est la rentr\u00e9e sportive ! Nous vous attendons nombreux pour le forum de rentr\u00e9e et les nouvelles inscriptions pour la saison 2024-2025.<\/p>\n\n\n\n<p><img decoding=\"async\" loading=\"lazy\" height=\"16\" width=\"16\" alt=\"\ud83d\udcc5\" src=\"https:\/\/static.xx.fbcdn.net\/images\/emoji.php\/v9\/t7e\/1\/16\/1f4c5.png\">&nbsp;Date : Ce samedi (07\/09)<br><img decoding=\"async\" loading=\"lazy\" height=\"16\" width=\"16\" alt=\"\ud83d\udccd\" src=\"https:\/\/static.xx.fbcdn.net\/images\/emoji.php\/v9\/t2d\/1\/16\/1f4cd.png\">&nbsp;Lieu : Gymnase Marcel Paul<br><img decoding=\"async\" loading=\"lazy\" height=\"16\" width=\"16\" alt=\"\u23f0\" src=\"https:\/\/static.xx.fbcdn.net\/images\/emoji.php\/v9\/t34\/1\/16\/23f0.png\">Heure : De 9h00 \u00e0 15h30<\/p>\n\n\n\n<p>Des places sont encore disponibles pour :<br>&#8211; \u00c9veils GR (enfants n\u00e9s en 2020-2021)<br>&#8211; D\u00e9butants\/Loisirs (enfants n\u00e9s en 2019 et moins)<br>&#8211; Groupes Comp\u00e9titions : nous contacter en priv\u00e9.<\/p>\n\n\n\n<p><img decoding=\"async\" loading=\"lazy\" height=\"16\" width=\"16\" alt=\"\u26a0\ufe0f\" src=\"https:\/\/static.xx.fbcdn.net\/images\/emoji.php\/v9\/tdc\/1\/16\/26a0.png\">&nbsp;Attention : Les places sont limit\u00e9es ! Il est fortement recommand\u00e9 de venir t\u00f4t.<\/p>\n\n\n\n<p>Nous sommes impatients de vous accueillir pour une nouvelle saison pleine d&rsquo;\u00e9nergie et de passion !<\/p>\n\n\n\n<figure class=\"wp-block-image size-large\"><img decoding=\"async\" loading=\"lazy\" width=\"1024\" height=\"1024\" src=\"https:\/\/elangr-chevilly.fr\/wp-content\/uploads\/2024\/09\/forum-1024x1024.jpg\" alt=\"\" class=\"wp-image-2670\" srcset=\"https:\/\/elangr-chevilly.fr\/wp-content\/uploads\/2024\/09\/forum-1024x1024.jpg 1024w, https:\/\/elangr-chevilly.fr\/wp-content\/uploads\/2024\/09\/forum-300x300.jpg 300w, https:\/\/elangr-chevilly.fr\/wp-content\/uploads\/2024\/09\/forum-150x150.jpg 150w, https:\/\/elangr-chevilly.fr\/wp-content\/uploads\/2024\/09\/forum-768x768.jpg 768w, https:\/\/elangr-chevilly.fr\/wp-content\/uploads\/2024\/09\/forum.jpg 1080w\" sizes=\"(max-width: 1024px) 100vw, 1024px\" \/><\/figure>\n","protected":false},"excerpt":{"rendered":"<p>&nbsp;C\u2019est la rentr\u00e9e sportive ! Nous vous attendons nombreux pour le forum de rentr\u00e9e et les nouvelles inscriptions pour la saison 2024-2025. &nbsp;Date : Ce samedi (07\/09)&nbsp;Lieu : Gymnase Marcel PaulHeure : De 9h00 \u00e0 15h30 Des places sont encore disponibles pour :&#8211; \u00c9veils GR (enfants n\u00e9s en 2020-2021)&#8211; D\u00e9butants\/Loisirs (enfants n\u00e9s en 2019 et\u2026<\/p>\n","protected":false},"author":1,"featured_media":2670,"comment_status":"open","ping_status":"open","sticky":false,"template":"","format":"standard","meta":{"footnotes":""},"categories":[1],"tags":[],"_links":{"self":[{"href":"https:\/\/elangr-chevilly.fr\/index.php\/wp-json\/wp\/v2\/posts\/2669"}],"collection":[{"href":"https:\/\/elangr-chevilly.fr\/index.php\/wp-json\/wp\/v2\/posts"}],"about":[{"href":"https:\/\/elangr-chevilly.fr\/index.php\/wp-json\/wp\/v2\/types\/post"}],"author":[{"embeddable":true,"href":"https:\/\/elangr-chevilly.fr\/index.php\/wp-json\/wp\/v2\/users\/1"}],"replies":[{"embeddable":true,"href":"https:\/\/elangr-chevilly.fr\/index.php\/wp-json\/wp\/v2\/comments?post=2669"}],"version-history":[{"count":1,"href":"https:\/\/elangr-chevilly.fr\/index.php\/wp-json\/wp\/v2\/posts\/2669\/revisions"}],"predecessor-version":[{"id":2671,"href":"https:\/\/elangr-chevilly.fr\/index.php\/wp-json\/wp\/v2\/posts\/2669\/revisions\/2671"}],"wp:featuredmedia":[{"embeddable":true,"href":"https:\/\/elangr-chevilly.fr\/index.php\/wp-json\/wp\/v2\/media\/2670"}],"wp:attachment":[{"href":"https:\/\/elangr-chevilly.fr\/index.php\/wp-json\/wp\/v2\/media?parent=2669"}],"wp:term":[{"taxonomy":"category","embeddable":true,"href":"https:\/\/elangr-chevilly.fr\/index.php\/wp-json\/wp\/v2\/categories?post=2669"},{"taxonomy":"post_tag","embeddable":true,"href":"https:\/\/elangr-chevilly.fr\/index.php\/wp-json\/wp\/v2\/tags?post=2669"}],"curies":[{"name":"wp","href":"https:\/\/api.w.org\/{rel}","templated":true}]}}