{"id":2871,"date":"2024-10-27T12:46:37","date_gmt":"2024-10-27T11:46:37","guid":{"rendered":"https:\/\/elangr-chevilly.fr\/?p=2871"},"modified":"2024-11-02T12:50:59","modified_gmt":"2024-11-02T11:50:59","slug":"stage-toussaint-perfectionnement-et-loisirs","status":"publish","type":"post","link":"https:\/\/elangr-chevilly.fr\/index.php\/2024\/10\/27\/stage-toussaint-perfectionnement-et-loisirs\/","title":{"rendered":"Stage Toussaint : Perfectionnement et Loisirs"},"content":{"rendered":"\n<p>Pour nos comp\u00e9titions, la semaine de stage \u00e9tait sous le signe du perfectionnement !<br>&#8211; Les ensembles ont pu travailler leur technique corporelle et a l\u2019engin, mais aussi la souplesse et le renforcement musculaire ! Les gymnastes pr\u00e9sentes vous ont \u00e9galement pr\u00e9par\u00e9 une chor\u00e9graphie pour vous faire une belle d\u00e9monstration lors du t\u00e9l\u00e9thon.<br>&#8211; Les individuelles ont \u00e9galement eu stage o\u00f9 elles ont pu perfectionner leur chor\u00e9graphie.\u00a0<a href=\"https:\/\/www.instagram.com\/lilie_brhs\/\">@lilie_brhs<\/a>\u00a0est venue nous pr\u00eater main forte pour am\u00e9liorer l\u2019artistique sur les compos. Un super moment \u00e0 refaire vite !<br>Merci \u00e0 tous les coachs pr\u00e9sents pour assurer cette semaine intensive de stage, \u00e0 Aurelie et \u00e0 toutes les gymnastes inscrites \u2728<\/p>\n\n\n\n<figure class=\"wp-block-image size-large\"><img decoding=\"async\" loading=\"lazy\" width=\"1024\" height=\"1024\" src=\"https:\/\/elangr-chevilly.fr\/wp-content\/uploads\/2024\/11\/464764372_18186241471307163_1941023966444684388_n-1024x1024.jpg\" alt=\"\" class=\"wp-image-2865\" srcset=\"https:\/\/elangr-chevilly.fr\/wp-content\/uploads\/2024\/11\/464764372_18186241471307163_1941023966444684388_n-1024x1024.jpg 1024w, https:\/\/elangr-chevilly.fr\/wp-content\/uploads\/2024\/11\/464764372_18186241471307163_1941023966444684388_n-300x300.jpg 300w, https:\/\/elangr-chevilly.fr\/wp-content\/uploads\/2024\/11\/464764372_18186241471307163_1941023966444684388_n-150x150.jpg 150w, https:\/\/elangr-chevilly.fr\/wp-content\/uploads\/2024\/11\/464764372_18186241471307163_1941023966444684388_n-768x768.jpg 768w, https:\/\/elangr-chevilly.fr\/wp-content\/uploads\/2024\/11\/464764372_18186241471307163_1941023966444684388_n.jpg 1440w\" sizes=\"(max-width: 1024px) 100vw, 1024px\" \/><\/figure>\n\n\n\n<p>\ud83d\udc7b\ud83c\udf83 Retour le stage de la Toussaint de nos loisirs ! Un super moment o\u00f9 nos gymnastes ont pu apprendre des mouvements \u00e0 travers des ateliers ludiques et des chor\u00e9graphies tout au long de la journ\u00e9e. Le stage s\u2019est termin\u00e9 par une petite d\u00e9monstration aux parents.<\/p>\n\n\n\n<figure class=\"wp-block-gallery has-nested-images columns-default is-cropped wp-block-gallery-1 is-layout-flex wp-block-gallery-is-layout-flex\"><\/figure>\n\n\n\n<figure class=\"wp-block-image size-large\"><img decoding=\"async\" loading=\"lazy\" width=\"1024\" height=\"768\" src=\"https:\/\/elangr-chevilly.fr\/wp-content\/uploads\/2024\/11\/c4c0946e-547f-4307-a2b4-4f824b06f63e-1024x768.jpg\" alt=\"\" class=\"wp-image-2872\" srcset=\"https:\/\/elangr-chevilly.fr\/wp-content\/uploads\/2024\/11\/c4c0946e-547f-4307-a2b4-4f824b06f63e-1024x768.jpg 1024w, https:\/\/elangr-chevilly.fr\/wp-content\/uploads\/2024\/11\/c4c0946e-547f-4307-a2b4-4f824b06f63e-300x225.jpg 300w, https:\/\/elangr-chevilly.fr\/wp-content\/uploads\/2024\/11\/c4c0946e-547f-4307-a2b4-4f824b06f63e-768x576.jpg 768w, https:\/\/elangr-chevilly.fr\/wp-content\/uploads\/2024\/11\/c4c0946e-547f-4307-a2b4-4f824b06f63e-1536x1152.jpg 1536w, https:\/\/elangr-chevilly.fr\/wp-content\/uploads\/2024\/11\/c4c0946e-547f-4307-a2b4-4f824b06f63e.jpg 1600w\" sizes=\"(max-width: 1024px) 100vw, 1024px\" \/><\/figure>\n","protected":false},"excerpt":{"rendered":"<p>Pour nos comp\u00e9titions, la semaine de stage \u00e9tait sous le signe du perfectionnement !&#8211; Les ensembles ont pu travailler leur technique corporelle et a l\u2019engin, mais aussi la souplesse et le renforcement musculaire ! Les gymnastes pr\u00e9sentes vous ont \u00e9galement pr\u00e9par\u00e9 une chor\u00e9graphie pour vous faire une belle d\u00e9monstration lors du t\u00e9l\u00e9thon.&#8211; Les individuelles ont\u2026<\/p>\n","protected":false},"author":1,"featured_media":2872,"comment_status":"open","ping_status":"open","sticky":false,"template":"","format":"standard","meta":{"footnotes":""},"categories":[1],"tags":[],"_links":{"self":[{"href":"https:\/\/elangr-chevilly.fr\/index.php\/wp-json\/wp\/v2\/posts\/2871"}],"collection":[{"href":"https:\/\/elangr-chevilly.fr\/index.php\/wp-json\/wp\/v2\/posts"}],"about":[{"href":"https:\/\/elangr-chevilly.fr\/index.php\/wp-json\/wp\/v2\/types\/post"}],"author":[{"embeddable":true,"href":"https:\/\/elangr-chevilly.fr\/index.php\/wp-json\/wp\/v2\/users\/1"}],"replies":[{"embeddable":true,"href":"https:\/\/elangr-chevilly.fr\/index.php\/wp-json\/wp\/v2\/comments?post=2871"}],"version-history":[{"count":3,"href":"https:\/\/elangr-chevilly.fr\/index.php\/wp-json\/wp\/v2\/posts\/2871\/revisions"}],"predecessor-version":[{"id":2876,"href":"https:\/\/elangr-chevilly.fr\/index.php\/wp-json\/wp\/v2\/posts\/2871\/revisions\/2876"}],"wp:featuredmedia":[{"embeddable":true,"href":"https:\/\/elangr-chevilly.fr\/index.php\/wp-json\/wp\/v2\/media\/2872"}],"wp:attachment":[{"href":"https:\/\/elangr-chevilly.fr\/index.php\/wp-json\/wp\/v2\/media?parent=2871"}],"wp:term":[{"taxonomy":"category","embeddable":true,"href":"https:\/\/elangr-chevilly.fr\/index.php\/wp-json\/wp\/v2\/categories?post=2871"},{"taxonomy":"post_tag","embeddable":true,"href":"https:\/\/elangr-chevilly.fr\/index.php\/wp-json\/wp\/v2\/tags?post=2871"}],"curies":[{"name":"wp","href":"https:\/\/api.w.org\/{rel}","templated":true}]}}