{"id":2878,"date":"2024-11-09T10:00:00","date_gmt":"2024-11-09T09:00:00","guid":{"rendered":"https:\/\/elangr-chevilly.fr\/?p=2878"},"modified":"2024-11-08T09:26:33","modified_gmt":"2024-11-08T08:26:33","slug":"competition-interdepartementale-en-individuel-2","status":"publish","type":"post","link":"https:\/\/elangr-chevilly.fr\/index.php\/2024\/11\/09\/competition-interdepartementale-en-individuel-2\/","title":{"rendered":"Comp\u00e9tition Interd\u00e9partementale en Individuel"},"content":{"rendered":"\n<p>\ud83d\udce3Rendez-vous le week-end prochain pour la comp\u00e9tition interd\u00e9partementale en individuel \ud83e\udd29<\/p>\n\n\n\n<p>&#8211; \ud83d\udcc6 : Samedi 16 et 17 Novembre 2024<\/p>\n\n\n\n<p>&#8211; \ud83d\udccd : HALLE DES SPORTS ROGER OUVRARD<\/p>\n\n\n\n<p>6 ALLEE ROMAIN ROLLAND<\/p>\n\n\n\n<p>95100 ARGENTEUIL<\/p>\n\n\n\n<p>\u2705 Samedi 16 Novembre<\/p>\n\n\n\n<p>\u25aa\ufe0f 14h00 &#8211; 17h44 : Marion en Fed 17- en alternance avec Kelsie, Sol\u00e8ne, Anna et Luthna en Reg 17-<\/p>\n\n\n\n<p>\u2705 Dimanche 17 Novembre<\/p>\n\n\n\n<p>\u25aa\ufe0f 14h20 \u2013 19h00 : Ameline et Emma en Reg 15- en alternance avec M\u00e9line, Illona, Ana\u00eblle, Ambre et Ir\u00e8ne en Fed 18-21<\/p>\n\n\n\n<p>On vous attend nombreux \ud83d\ude0a\ud83d\udcaa<\/p>\n\n\n\n<p>&#8212;&#8212;&#8212;&#8212;&#8212;&#8212;&#8212;&#8212;&#8212;&#8212;&#8212;&#8212;&#8212;&#8212;&#8212;&#8212;&#8212;&#8212;&#8212;&#8212;&#8212;&#8212;&#8212;&#8211;<\/p>\n\n\n\n<p>Tarifs des bons de soutien :<\/p>\n\n\n\n<p>3,00 \u20ac et Gratuit pour les licenci\u00e9s et les moins de 10 ans<\/p>\n\n\n\n<figure class=\"wp-block-image size-full\"><img decoding=\"async\" loading=\"lazy\" width=\"627\" height=\"881\" src=\"https:\/\/elangr-chevilly.fr\/wp-content\/uploads\/2024\/11\/Affiche.jpg\" alt=\"\" class=\"wp-image-2879\" srcset=\"https:\/\/elangr-chevilly.fr\/wp-content\/uploads\/2024\/11\/Affiche.jpg 627w, https:\/\/elangr-chevilly.fr\/wp-content\/uploads\/2024\/11\/Affiche-214x300.jpg 214w\" sizes=\"(max-width: 627px) 100vw, 627px\" \/><\/figure>\n","protected":false},"excerpt":{"rendered":"<p>\ud83d\udce3Rendez-vous le week-end prochain pour la comp\u00e9tition interd\u00e9partementale en individuel \ud83e\udd29 &#8211; \ud83d\udcc6 : Samedi 16 et 17 Novembre 2024 &#8211; \ud83d\udccd : HALLE DES SPORTS ROGER OUVRARD 6 ALLEE ROMAIN ROLLAND 95100 ARGENTEUIL \u2705 Samedi 16 Novembre \u25aa\ufe0f 14h00 &#8211; 17h44 : Marion en Fed 17- en alternance avec Kelsie, Sol\u00e8ne, Anna et Luthna\u2026<\/p>\n","protected":false},"author":1,"featured_media":2879,"comment_status":"open","ping_status":"open","sticky":false,"template":"","format":"standard","meta":{"footnotes":""},"categories":[1],"tags":[],"_links":{"self":[{"href":"https:\/\/elangr-chevilly.fr\/index.php\/wp-json\/wp\/v2\/posts\/2878"}],"collection":[{"href":"https:\/\/elangr-chevilly.fr\/index.php\/wp-json\/wp\/v2\/posts"}],"about":[{"href":"https:\/\/elangr-chevilly.fr\/index.php\/wp-json\/wp\/v2\/types\/post"}],"author":[{"embeddable":true,"href":"https:\/\/elangr-chevilly.fr\/index.php\/wp-json\/wp\/v2\/users\/1"}],"replies":[{"embeddable":true,"href":"https:\/\/elangr-chevilly.fr\/index.php\/wp-json\/wp\/v2\/comments?post=2878"}],"version-history":[{"count":2,"href":"https:\/\/elangr-chevilly.fr\/index.php\/wp-json\/wp\/v2\/posts\/2878\/revisions"}],"predecessor-version":[{"id":2881,"href":"https:\/\/elangr-chevilly.fr\/index.php\/wp-json\/wp\/v2\/posts\/2878\/revisions\/2881"}],"wp:featuredmedia":[{"embeddable":true,"href":"https:\/\/elangr-chevilly.fr\/index.php\/wp-json\/wp\/v2\/media\/2879"}],"wp:attachment":[{"href":"https:\/\/elangr-chevilly.fr\/index.php\/wp-json\/wp\/v2\/media?parent=2878"}],"wp:term":[{"taxonomy":"category","embeddable":true,"href":"https:\/\/elangr-chevilly.fr\/index.php\/wp-json\/wp\/v2\/categories?post=2878"},{"taxonomy":"post_tag","embeddable":true,"href":"https:\/\/elangr-chevilly.fr\/index.php\/wp-json\/wp\/v2\/tags?post=2878"}],"curies":[{"name":"wp","href":"https:\/\/api.w.org\/{rel}","templated":true}]}}