{"id":2938,"date":"2025-02-14T16:51:58","date_gmt":"2025-02-14T15:51:58","guid":{"rendered":"https:\/\/elangr-chevilly.fr\/?p=2938"},"modified":"2025-02-14T16:55:25","modified_gmt":"2025-02-14T15:55:25","slug":"organisation-competition-a-chevilly-benevoles","status":"publish","type":"post","link":"https:\/\/elangr-chevilly.fr\/index.php\/2025\/02\/14\/organisation-competition-a-chevilly-benevoles\/","title":{"rendered":"Organisation comp\u00e9tition \u00e0 Chevilly &#8211; B\u00e9n\u00e9voles"},"content":{"rendered":"\n<p>Bonjour \u00e0 tous<br>La prochaine comp\u00e9tition interd\u00e9partementale des ensembles approche \u00e0 grands pas et nous avons besoin de vous pour en faire un bel \u00e9v\u00e9nement \ud83e\udd29<\/p>\n\n\n\n<p><strong>Elle aura lieu le week-end du 8 et 9 Mars !<\/strong><\/p>\n\n\n\n<p><br>N\u2019h\u00e9sitez pas \u00e0 nous rejoindre pour participer \u00e0 l\u2019organisation !<br>Pour s\u2019inscrire, il suffit de compl\u00e9ter le formulaire en suivant le lien \ud83d\udd17 :<\/p>\n\n\n\n<p><a href=\"https:\/\/docs.google.com\/forms\/d\/e\/1FAIpQLSfPjkmbTuLV0aNH__o61VfkMRVVyqvpi9OviB526RPtgEPISg\/viewform?usp=sharing\">https:\/\/docs.google.com\/forms\/d\/e\/1FAIpQLSfPjkmbTuLV0aNH__o61VfkMRVVyqvpi9OviB526RPtgEPISg\/viewform?usp=sharing<\/a><br>Chaque aide compte \ud83d\udcaa<br>Merci \ud83d\ude4f<br>L\u2019ensemble de l\u2019\u00e9quipe Elan GR\ud83e\udece<\/p>\n","protected":false},"excerpt":{"rendered":"<p>Bonjour \u00e0 tousLa prochaine comp\u00e9tition interd\u00e9partementale des ensembles approche \u00e0 grands pas et nous avons besoin de vous pour en faire un bel \u00e9v\u00e9nement \ud83e\udd29 Elle aura lieu le week-end du 8 et 9 Mars ! N\u2019h\u00e9sitez pas \u00e0 nous rejoindre pour participer \u00e0 l\u2019organisation !Pour s\u2019inscrire, il suffit de compl\u00e9ter le formulaire en suivant\u2026<\/p>\n","protected":false},"author":1,"featured_media":2939,"comment_status":"open","ping_status":"open","sticky":false,"template":"","format":"standard","meta":{"footnotes":""},"categories":[1],"tags":[],"_links":{"self":[{"href":"https:\/\/elangr-chevilly.fr\/index.php\/wp-json\/wp\/v2\/posts\/2938"}],"collection":[{"href":"https:\/\/elangr-chevilly.fr\/index.php\/wp-json\/wp\/v2\/posts"}],"about":[{"href":"https:\/\/elangr-chevilly.fr\/index.php\/wp-json\/wp\/v2\/types\/post"}],"author":[{"embeddable":true,"href":"https:\/\/elangr-chevilly.fr\/index.php\/wp-json\/wp\/v2\/users\/1"}],"replies":[{"embeddable":true,"href":"https:\/\/elangr-chevilly.fr\/index.php\/wp-json\/wp\/v2\/comments?post=2938"}],"version-history":[{"count":2,"href":"https:\/\/elangr-chevilly.fr\/index.php\/wp-json\/wp\/v2\/posts\/2938\/revisions"}],"predecessor-version":[{"id":2941,"href":"https:\/\/elangr-chevilly.fr\/index.php\/wp-json\/wp\/v2\/posts\/2938\/revisions\/2941"}],"wp:featuredmedia":[{"embeddable":true,"href":"https:\/\/elangr-chevilly.fr\/index.php\/wp-json\/wp\/v2\/media\/2939"}],"wp:attachment":[{"href":"https:\/\/elangr-chevilly.fr\/index.php\/wp-json\/wp\/v2\/media?parent=2938"}],"wp:term":[{"taxonomy":"category","embeddable":true,"href":"https:\/\/elangr-chevilly.fr\/index.php\/wp-json\/wp\/v2\/categories?post=2938"},{"taxonomy":"post_tag","embeddable":true,"href":"https:\/\/elangr-chevilly.fr\/index.php\/wp-json\/wp\/v2\/tags?post=2938"}],"curies":[{"name":"wp","href":"https:\/\/api.w.org\/{rel}","templated":true}]}}