{"id":2942,"date":"2025-03-01T09:30:00","date_gmt":"2025-03-01T08:30:00","guid":{"rendered":"https:\/\/elangr-chevilly.fr\/?p=2942"},"modified":"2025-03-14T19:14:11","modified_gmt":"2025-03-14T18:14:11","slug":"competition-interdepartementale-a-domicile-equipes-regionales-fed-b-et-c","status":"publish","type":"post","link":"https:\/\/elangr-chevilly.fr\/index.php\/2025\/03\/01\/competition-interdepartementale-a-domicile-equipes-regionales-fed-b-et-c\/","title":{"rendered":"Comp\u00e9tition interd\u00e9partementale \u00e0 domicile : Equipes r\u00e9gionales, Fed B et C"},"content":{"rendered":"\n<p>\ud83d\udce3Rendez-vous le week-end prochaine \u00e0 domicile pour la comp\u00e9tition interd\u00e9partementale en ensemble \ud83e\udd29<\/p>\n\n\n\n<p>&#8211; \ud83d\udcc6 : samedi 8 et dimanche 9 Mars 2025<\/p>\n\n\n\n<p>&#8211; \ud83d\udccd : COMPLEXE LILIAN THURAM<\/p>\n\n\n\n<p>15 Av. du G\u00e9n\u00e9ral de Gaulle,<\/p>\n\n\n\n<p>94550 Chevilly-Larue<\/p>\n\n\n\n<p>\u2705 Samedi 8 Mars<\/p>\n\n\n\n<p>\u25aa\ufe0f 14 :30 &#8211; 15 :55 : R\u00e9gionales 10-11 (Equipe 1 et 2) et les R\u00e9gionales B 7-9<\/p>\n\n\n\n<p>\u2705 Dimanche 9 Mars<\/p>\n\n\n\n<p>\u25aa\ufe0f 10 :00 &#8211; 12 :12 : F\u00e9d\u00e9rales C 13- et F\u00e9d\u00e9rales C 15-<\/p>\n\n\n\n<p>\u25aa\ufe0f 13 :30 &#8211; 14 :30 : F\u00e9d\u00e9rales B 10-11<\/p>\n\n\n\n<p>\u25aa\ufe0f 15 :10 &#8211; 16 :20 : F\u00e9d\u00e9rales B 17-, F\u00e9d\u00e9rales B TC<\/p>\n\n\n\n<p>On vous attend nombreux \ud83d\ude0a\ud83d\udcaa<\/p>\n\n\n\n<p>Pour ceux qui souhaitent \u00eatre b\u00e9n\u00e9voles, n&rsquo;h\u00e9sitez pas \u00e0 vous manifester en remplissant le formulaire ou en contactant un entraineur\/ membre du bureau \ud83d\ude42<\/p>\n\n\n\n<p>&#8212;&#8212;&#8212;&#8212;&#8212;&#8212;&#8212;&#8212;&#8212;&#8212;&#8212;&#8212;&#8212;&#8212;&#8212;&#8212;&#8212;&#8212;&#8212;&#8212;&#8212;&#8212;&#8212;&#8212;&#8211;<\/p>\n\n\n\n<p>\ud83c\udfabTarifs des bons de soutien pour cette comp\u00e9tition Interd\u00e9partementale : 3,00 \u20ac et Gratuit pour les licenci\u00e9s et les moins de 10 ans<\/p>\n\n\n\n<p>\ud83d\ude97ATTENTION : Le complexe Lilian Thuram ne poss\u00e8de pas de parking pour accueillir les visiteurs<\/p>\n\n\n\n<p>Les parkings proches du complexe sont ceux :<\/p>\n\n\n\n<p>\u2022 Cimeti\u00e8re intercommunal de Chevilly-Larue au 125 boulevard Jean Mermoz<\/p>\n\n\n\n<p>\u2022 H\u00f4tel de ville de Chevilly-Larue au 88 avenue du G\u00e9n\u00e9ral de Gaulle.<\/p>\n\n\n\n<figure class=\"wp-block-image size-full\"><img decoding=\"async\" loading=\"lazy\" width=\"621\" height=\"886\" src=\"https:\/\/elangr-chevilly.fr\/wp-content\/uploads\/2025\/02\/Affiche-bis.jpg\" alt=\"\" class=\"wp-image-2946\" srcset=\"https:\/\/elangr-chevilly.fr\/wp-content\/uploads\/2025\/02\/Affiche-bis.jpg 621w, https:\/\/elangr-chevilly.fr\/wp-content\/uploads\/2025\/02\/Affiche-bis-210x300.jpg 210w\" sizes=\"(max-width: 621px) 100vw, 621px\" \/><\/figure>\n","protected":false},"excerpt":{"rendered":"<p>\ud83d\udce3Rendez-vous le week-end prochaine \u00e0 domicile pour la comp\u00e9tition interd\u00e9partementale en ensemble \ud83e\udd29 &#8211; \ud83d\udcc6 : samedi 8 et dimanche 9 Mars 2025 &#8211; \ud83d\udccd : COMPLEXE LILIAN THURAM 15 Av. du G\u00e9n\u00e9ral de Gaulle, 94550 Chevilly-Larue \u2705 Samedi 8 Mars \u25aa\ufe0f 14 :30 &#8211; 15 :55 : R\u00e9gionales 10-11 (Equipe 1 et 2) et\u2026<\/p>\n","protected":false},"author":1,"featured_media":2946,"comment_status":"open","ping_status":"open","sticky":false,"template":"","format":"standard","meta":{"footnotes":""},"categories":[1],"tags":[],"_links":{"self":[{"href":"https:\/\/elangr-chevilly.fr\/index.php\/wp-json\/wp\/v2\/posts\/2942"}],"collection":[{"href":"https:\/\/elangr-chevilly.fr\/index.php\/wp-json\/wp\/v2\/posts"}],"about":[{"href":"https:\/\/elangr-chevilly.fr\/index.php\/wp-json\/wp\/v2\/types\/post"}],"author":[{"embeddable":true,"href":"https:\/\/elangr-chevilly.fr\/index.php\/wp-json\/wp\/v2\/users\/1"}],"replies":[{"embeddable":true,"href":"https:\/\/elangr-chevilly.fr\/index.php\/wp-json\/wp\/v2\/comments?post=2942"}],"version-history":[{"count":1,"href":"https:\/\/elangr-chevilly.fr\/index.php\/wp-json\/wp\/v2\/posts\/2942\/revisions"}],"predecessor-version":[{"id":2947,"href":"https:\/\/elangr-chevilly.fr\/index.php\/wp-json\/wp\/v2\/posts\/2942\/revisions\/2947"}],"wp:featuredmedia":[{"embeddable":true,"href":"https:\/\/elangr-chevilly.fr\/index.php\/wp-json\/wp\/v2\/media\/2946"}],"wp:attachment":[{"href":"https:\/\/elangr-chevilly.fr\/index.php\/wp-json\/wp\/v2\/media?parent=2942"}],"wp:term":[{"taxonomy":"category","embeddable":true,"href":"https:\/\/elangr-chevilly.fr\/index.php\/wp-json\/wp\/v2\/categories?post=2942"},{"taxonomy":"post_tag","embeddable":true,"href":"https:\/\/elangr-chevilly.fr\/index.php\/wp-json\/wp\/v2\/tags?post=2942"}],"curies":[{"name":"wp","href":"https:\/\/api.w.org\/{rel}","templated":true}]}}