{"id":3284,"date":"2026-03-16T09:30:00","date_gmt":"2026-03-16T08:30:00","guid":{"rendered":"https:\/\/elangr-chevilly.fr\/?p=3284"},"modified":"2026-03-14T23:08:08","modified_gmt":"2026-03-14T22:08:08","slug":"competition-interdepartementale-ensemble-corbeil-essonnes","status":"publish","type":"post","link":"https:\/\/elangr-chevilly.fr\/index.php\/2026\/03\/16\/competition-interdepartementale-ensemble-corbeil-essonnes\/","title":{"rendered":"Comp\u00e9tition interd\u00e9partementale ensemble Corbeil-Essonnes"},"content":{"rendered":"\n<p><span style=\"font-family: inherit; color: rgb(28, 43, 51); font-size: 14px;\">\ud83d\udce3 Rendez-vous ce week-end pour la comp\u00e9tition interd\u00e9partementale pour nos 8 ensembles <\/span><div class=\"\" data-block=\"true\" data-editor=\"coldq\" data-offset-key=\"6bfks-0-0\" style=\"font-family: &quot;Optimistic 95&quot;, system-ui, sans-serif; color: rgb(28, 43, 51); font-size: 14px;\"><div data-offset-key=\"6bfks-0-0\" class=\"_1mf _1mj\" style=\"position: relative; direction: ltr; font-family: inherit;\"><span data-offset-key=\"6bfks-0-0\" style=\"font-family: inherit;\"><\/span><\/div><\/div><div class=\"\" data-block=\"true\" data-editor=\"coldq\" data-offset-key=\"grek-0-0\" style=\"font-family: &quot;Optimistic 95&quot;, system-ui, sans-serif; color: rgb(28, 43, 51); font-size: 14px;\"><div data-offset-key=\"grek-0-0\" class=\"_1mf _1mj\" style=\"position: relative; direction: ltr; font-family: inherit;\"><span data-offset-key=\"grek-0-0\" style=\"font-family: inherit;\">&#8211; \ud83d\udcc6 : samedi 21 et dimanche 22 Mars 2026<\/span><\/div><\/div><div class=\"\" data-block=\"true\" data-editor=\"coldq\" data-offset-key=\"4u2ds-0-0\" style=\"font-family: &quot;Optimistic 95&quot;, system-ui, sans-serif; color: rgb(28, 43, 51); font-size: 14px;\"><div data-offset-key=\"4u2ds-0-0\" class=\"_1mf _1mj\" style=\"position: relative; direction: ltr; font-family: inherit;\"><span data-offset-key=\"4u2ds-0-0\" style=\"font-family: inherit;\"><\/span><\/div><\/div><div class=\"\" data-block=\"true\" data-editor=\"coldq\" data-offset-key=\"3k6c5-0-0\" style=\"font-family: &quot;Optimistic 95&quot;, system-ui, sans-serif; color: rgb(28, 43, 51); font-size: 14px;\"><div data-offset-key=\"3k6c5-0-0\" class=\"_1mf _1mj\" style=\"position: relative; direction: ltr; font-family: inherit;\"><span data-offset-key=\"3k6c5-0-0\" style=\"font-family: inherit;\">&#8211; \ud83d\udccd : PALAIS DES SPORTS<\/span><\/div><\/div><div class=\"\" data-block=\"true\" data-editor=\"coldq\" data-offset-key=\"c2agl-0-0\" style=\"font-family: &quot;Optimistic 95&quot;, system-ui, sans-serif; color: rgb(28, 43, 51); font-size: 14px;\"><div data-offset-key=\"c2agl-0-0\" class=\"_1mf _1mj\" style=\"position: relative; direction: ltr; font-family: inherit;\"><span data-offset-key=\"c2agl-0-0\" style=\"font-family: inherit;\">90 rue Feray<\/span><\/div><\/div><div class=\"\" data-block=\"true\" data-editor=\"coldq\" data-offset-key=\"b3pk6-0-0\" style=\"font-family: &quot;Optimistic 95&quot;, system-ui, sans-serif; color: rgb(28, 43, 51); font-size: 14px;\"><div data-offset-key=\"b3pk6-0-0\" class=\"_1mf _1mj\" style=\"position: relative; direction: ltr; font-family: inherit;\"><span data-offset-key=\"b3pk6-0-0\" style=\"font-family: inherit;\">91100 CORBEIL-ESSONNES<\/span><\/div><\/div><div class=\"\" data-block=\"true\" data-editor=\"coldq\" data-offset-key=\"ds2q3-0-0\" style=\"font-family: &quot;Optimistic 95&quot;, system-ui, sans-serif; color: rgb(28, 43, 51); font-size: 14px;\"><div data-offset-key=\"ds2q3-0-0\" class=\"_1mf _1mj\" style=\"position: relative; direction: ltr; font-family: inherit;\"><span data-offset-key=\"ds2q3-0-0\" style=\"font-family: inherit;\"><\/span><\/div><\/div><div class=\"\" data-block=\"true\" data-editor=\"coldq\" data-offset-key=\"3nvor-0-0\" style=\"font-family: &quot;Optimistic 95&quot;, system-ui, sans-serif; color: rgb(28, 43, 51); font-size: 14px;\"><div data-offset-key=\"3nvor-0-0\" class=\"_1mf _1mj\" style=\"position: relative; direction: ltr; font-family: inherit;\"><span data-offset-key=\"3nvor-0-0\" style=\"font-family: inherit;\">\u2705 Samedi 21 Mars <\/span><\/div><\/div><div class=\"\" data-block=\"true\" data-editor=\"coldq\" data-offset-key=\"a276j-0-0\" style=\"font-family: &quot;Optimistic 95&quot;, system-ui, sans-serif; color: rgb(28, 43, 51); font-size: 14px;\"><div data-offset-key=\"a276j-0-0\" class=\"_1mf _1mj\" style=\"position: relative; direction: ltr; font-family: inherit;\"><span data-offset-key=\"a276j-0-0\" style=\"font-family: inherit;\">\u25aa\ufe0f 16:15 &#8211; 17:40 : F\u00e9d\u00e9rales B TC Equipes 1 et 2 aux ballons et cerceaux<\/span><\/div><\/div><div class=\"\" data-block=\"true\" data-editor=\"coldq\" data-offset-key=\"4l5sd-0-0\" style=\"font-family: &quot;Optimistic 95&quot;, system-ui, sans-serif; color: rgb(28, 43, 51); font-size: 14px;\"><div data-offset-key=\"4l5sd-0-0\" class=\"_1mf _1mj\" style=\"position: relative; direction: ltr; font-family: inherit;\"><span data-offset-key=\"4l5sd-0-0\" style=\"font-family: inherit;\">\u2705 Dimanche 22 Mars<\/span><\/div><\/div><div class=\"\" data-block=\"true\" data-editor=\"coldq\" data-offset-key=\"8vkp4-0-0\" style=\"font-family: &quot;Optimistic 95&quot;, system-ui, sans-serif; color: rgb(28, 43, 51); font-size: 14px;\"><div data-offset-key=\"8vkp4-0-0\" class=\"_1mf _1mj\" style=\"position: relative; direction: ltr; font-family: inherit;\"><span data-offset-key=\"8vkp4-0-0\" style=\"font-family: inherit;\">\u25aa\ufe0f 10:15 &#8211; 12:00 : F\u00e9d\u00e9rales B 15- aux massues et cerceaux et F\u00e9d\u00e9rales B 10 11 aux cerceaux<\/span><\/div><\/div><div class=\"\" data-block=\"true\" data-editor=\"coldq\" data-offset-key=\"a006m-0-0\" style=\"font-family: &quot;Optimistic 95&quot;, system-ui, sans-serif; color: rgb(28, 43, 51); font-size: 14px;\"><div data-offset-key=\"a006m-0-0\" class=\"_1mf _1mj\" style=\"position: relative; direction: ltr; font-family: inherit;\"><span data-offset-key=\"a006m-0-0\" style=\"font-family: inherit;\">\u25aa\ufe0f 13:00 &#8211; 15:05 : F\u00e9d\u00e9rales B 17 au rubans et cerceaux et R\u00e9gionales 10 11 Equipes 1 et 2 aux ballons<\/span><\/div><\/div><div class=\"\" data-block=\"true\" data-editor=\"coldq\" data-offset-key=\"b0k1u-0-0\" style=\"font-family: &quot;Optimistic 95&quot;, system-ui, sans-serif; color: rgb(28, 43, 51); font-size: 14px;\"><div data-offset-key=\"b0k1u-0-0\" class=\"_1mf _1mj\" style=\"position: relative; direction: ltr; font-family: inherit;\"><span data-offset-key=\"b0k1u-0-0\" style=\"font-family: inherit;\">\u25aa\ufe0f 15:45 &#8211; 17:45 : F\u00e9d\u00e9rales C 13- aux ballons et massues <\/span><\/div><\/div><div class=\"\" data-block=\"true\" data-editor=\"coldq\" data-offset-key=\"a5p37-0-0\" style=\"font-family: &quot;Optimistic 95&quot;, system-ui, sans-serif; color: rgb(28, 43, 51); font-size: 14px;\"><div data-offset-key=\"a5p37-0-0\" class=\"_1mf _1mj\" style=\"position: relative; direction: ltr; font-family: inherit;\"><span data-offset-key=\"a5p37-0-0\" style=\"font-family: inherit;\"><\/span><\/div><\/div><div class=\"\" data-block=\"true\" data-editor=\"coldq\" data-offset-key=\"48qqh-0-0\" style=\"font-family: &quot;Optimistic 95&quot;, system-ui, sans-serif; color: rgb(28, 43, 51); font-size: 14px;\"><div data-offset-key=\"48qqh-0-0\" class=\"_1mf _1mj\" style=\"position: relative; direction: ltr; font-family: inherit;\"><span data-offset-key=\"48qqh-0-0\" style=\"font-family: inherit;\">Allez les filles \ud83d\ude0a\ud83d\udcaa<\/span><\/div><\/div><div class=\"\" data-block=\"true\" data-editor=\"coldq\" data-offset-key=\"86hkf-0-0\" style=\"font-family: &quot;Optimistic 95&quot;, system-ui, sans-serif; color: rgb(28, 43, 51); font-size: 14px;\"><div data-offset-key=\"86hkf-0-0\" class=\"_1mf _1mj\" style=\"position: relative; direction: ltr; font-family: inherit;\"><span data-offset-key=\"86hkf-0-0\" style=\"font-family: inherit;\">&#8212;&#8212;&#8212;&#8212;&#8212;&#8212;&#8212;&#8212;&#8212;&#8212;&#8212;&#8212;&#8212;&#8212;&#8212;&#8212;&#8212;&#8212;&#8212;&#8212;&#8212;&#8212;&#8212;&#8212;&#8211;<\/span><\/div><\/div><div class=\"\" data-block=\"true\" data-editor=\"coldq\" data-offset-key=\"3vvl7-0-0\" style=\"font-family: &quot;Optimistic 95&quot;, system-ui, sans-serif; color: rgb(28, 43, 51); font-size: 14px;\"><div data-offset-key=\"3vvl7-0-0\" class=\"_1mf _1mj\" style=\"position: relative; direction: ltr; font-family: inherit;\"><span data-offset-key=\"3vvl7-0-0\" style=\"font-family: inherit;\">\ud83c\udfabTarif unique : 5 \u20ac par personne (entr\u00e9e gratuite pour les licenci\u00e9s FFG et les moins de 10 ans sur pr\u00e9sentation d\u2019un justificatif).<\/span><\/div><\/div><div class=\"\" data-block=\"true\" data-editor=\"coldq\" data-offset-key=\"2q0d5-0-0\" style=\"font-family: &quot;Optimistic 95&quot;, system-ui, sans-serif; color: rgb(28, 43, 51); font-size: 14px;\"><div data-offset-key=\"2q0d5-0-0\" class=\"_1mf _1mj\" style=\"position: relative; direction: ltr; font-family: inherit;\"><span data-offset-key=\"2q0d5-0-0\" style=\"font-family: inherit;\">\u2022 Les billets seront disponibles exclusivement en ligne via la plateforme HelloAsso<\/span><\/div><\/div><div class=\"\" data-block=\"true\" data-editor=\"coldq\" data-offset-key=\"7im4b-0-0\" style=\"font-family: &quot;Optimistic 95&quot;, system-ui, sans-serif; color: rgb(28, 43, 51); font-size: 14px;\"><div data-offset-key=\"7im4b-0-0\" class=\"_1mf _1mj\" style=\"position: relative; direction: ltr; font-family: inherit;\"><span data-offset-key=\"7im4b-0-0\" style=\"font-family: inherit;\">https:\/\/www.helloasso.com\/associations\/comite-regional-ile-de-france-federation-francaise-de-gymnastique\/evenements\/gr-corbeil-essonnes<\/span><\/div><\/div><\/p>\n","protected":false},"excerpt":{"rendered":"<p>\ud83d\udce3 Rendez-vous ce week-end pour la comp\u00e9tition interd\u00e9partementale pour nos 8 ensembles &#8211; \ud83d\udcc6 : samedi 21 et dimanche 22 Mars 2026 &#8211; \ud83d\udccd : PALAIS DES SPORTS 90 rue Feray 91100 CORBEIL-ESSONNES \u2705 Samedi 21 Mars \u25aa\ufe0f 16:15 &#8211; 17:40 : F\u00e9d\u00e9rales B TC Equipes 1 et 2 aux ballons et cerceaux \u2705 Dimanche\u2026<\/p>\n","protected":false},"author":1,"featured_media":3285,"comment_status":"open","ping_status":"open","sticky":false,"template":"","format":"standard","meta":{"footnotes":""},"categories":[1],"tags":[],"_links":{"self":[{"href":"https:\/\/elangr-chevilly.fr\/index.php\/wp-json\/wp\/v2\/posts\/3284"}],"collection":[{"href":"https:\/\/elangr-chevilly.fr\/index.php\/wp-json\/wp\/v2\/posts"}],"about":[{"href":"https:\/\/elangr-chevilly.fr\/index.php\/wp-json\/wp\/v2\/types\/post"}],"author":[{"embeddable":true,"href":"https:\/\/elangr-chevilly.fr\/index.php\/wp-json\/wp\/v2\/users\/1"}],"replies":[{"embeddable":true,"href":"https:\/\/elangr-chevilly.fr\/index.php\/wp-json\/wp\/v2\/comments?post=3284"}],"version-history":[{"count":1,"href":"https:\/\/elangr-chevilly.fr\/index.php\/wp-json\/wp\/v2\/posts\/3284\/revisions"}],"predecessor-version":[{"id":3286,"href":"https:\/\/elangr-chevilly.fr\/index.php\/wp-json\/wp\/v2\/posts\/3284\/revisions\/3286"}],"wp:featuredmedia":[{"embeddable":true,"href":"https:\/\/elangr-chevilly.fr\/index.php\/wp-json\/wp\/v2\/media\/3285"}],"wp:attachment":[{"href":"https:\/\/elangr-chevilly.fr\/index.php\/wp-json\/wp\/v2\/media?parent=3284"}],"wp:term":[{"taxonomy":"category","embeddable":true,"href":"https:\/\/elangr-chevilly.fr\/index.php\/wp-json\/wp\/v2\/categories?post=3284"},{"taxonomy":"post_tag","embeddable":true,"href":"https:\/\/elangr-chevilly.fr\/index.php\/wp-json\/wp\/v2\/tags?post=3284"}],"curies":[{"name":"wp","href":"https:\/\/api.w.org\/{rel}","templated":true}]}}