{"id":3402,"date":"2026-09-04T09:30:00","date_gmt":"2026-09-04T07:30:00","guid":{"rendered":"https:\/\/elangr-chevilly.fr\/?p=3402"},"modified":"2026-09-04T00:47:58","modified_gmt":"2026-09-03T22:47:58","slug":"forum-de-rentree","status":"publish","type":"post","link":"https:\/\/elangr-chevilly.fr\/index.php\/2026\/09\/04\/forum-de-rentree\/","title":{"rendered":"Forum de rentr\u00e9e"},"content":{"rendered":"\n<p>C&rsquo;est la reprise de la saison sportive !!\ud83c\udfc3\u200d\u2640\ufe0f\ud83e\udd38\u200d\u2640\ufe0f<br>Rendez-vous samedi pour le forum de rentr\u00e9e \ud83d\ude0a<\/p>\n\n\n\n<p>Attention, les places sont limit\u00e9es, venez t\u00f4t pour r\u00e9server votre place \ud83d\ude09<\/p>\n\n\n\n<p>Vous devrez nous trouver facilement \ud83e\ude77\ud83d\udda4\u2728\ud83d\ude01<\/p>\n\n\n\n<p><\/p>\n","protected":false},"excerpt":{"rendered":"<p>C&rsquo;est la reprise de la saison sportive !!\ud83c\udfc3\u200d\u2640\ufe0f\ud83e\udd38\u200d\u2640\ufe0fRendez-vous samedi pour le forum de rentr\u00e9e \ud83d\ude0a Attention, les places sont limit\u00e9es, venez t\u00f4t pour r\u00e9server votre place \ud83d\ude09 Vous devrez nous trouver facilement \ud83e\ude77\ud83d\udda4\u2728\ud83d\ude01<\/p>\n","protected":false},"author":1,"featured_media":3403,"comment_status":"open","ping_status":"open","sticky":false,"template":"","format":"standard","meta":{"footnotes":""},"categories":[1],"tags":[],"_links":{"self":[{"href":"https:\/\/elangr-chevilly.fr\/index.php\/wp-json\/wp\/v2\/posts\/3402"}],"collection":[{"href":"https:\/\/elangr-chevilly.fr\/index.php\/wp-json\/wp\/v2\/posts"}],"about":[{"href":"https:\/\/elangr-chevilly.fr\/index.php\/wp-json\/wp\/v2\/types\/post"}],"author":[{"embeddable":true,"href":"https:\/\/elangr-chevilly.fr\/index.php\/wp-json\/wp\/v2\/users\/1"}],"replies":[{"embeddable":true,"href":"https:\/\/elangr-chevilly.fr\/index.php\/wp-json\/wp\/v2\/comments?post=3402"}],"version-history":[{"count":1,"href":"https:\/\/elangr-chevilly.fr\/index.php\/wp-json\/wp\/v2\/posts\/3402\/revisions"}],"predecessor-version":[{"id":3404,"href":"https:\/\/elangr-chevilly.fr\/index.php\/wp-json\/wp\/v2\/posts\/3402\/revisions\/3404"}],"wp:featuredmedia":[{"embeddable":true,"href":"https:\/\/elangr-chevilly.fr\/index.php\/wp-json\/wp\/v2\/media\/3403"}],"wp:attachment":[{"href":"https:\/\/elangr-chevilly.fr\/index.php\/wp-json\/wp\/v2\/media?parent=3402"}],"wp:term":[{"taxonomy":"category","embeddable":true,"href":"https:\/\/elangr-chevilly.fr\/index.php\/wp-json\/wp\/v2\/categories?post=3402"},{"taxonomy":"post_tag","embeddable":true,"href":"https:\/\/elangr-chevilly.fr\/index.php\/wp-json\/wp\/v2\/tags?post=3402"}],"curies":[{"name":"wp","href":"https:\/\/api.w.org\/{rel}","templated":true}]}}